{"id":21193,"date":"2025-04-03T07:00:30","date_gmt":"2025-04-03T07:00:30","guid":{"rendered":"https:\/\/timi.eu\/?p=21193"},"modified":"2025-04-03T07:00:33","modified_gmt":"2025-04-03T07:00:33","slug":"global-industrie-2025","status":"publish","type":"post","link":"https:\/\/timi.eu\/fr\/blog-fr\/news-fr\/global-industrie-2025\/","title":{"rendered":"Le bilan du Global Industrie 2025"},"content":{"rendered":"<div class=\"post-gallery popup-gallery\" data-init='{\"infinite\":true,\"speed\":400,\"fade\":true,\"cssEase\":\"linear\",\"adaptiveHeight\":true,\"dots\":false,\"dotsClass\":\"post-gallery_paging\",\"dotsFormat\":\"<span class=\\\"post-gallery_paging_item\\\"><\\\/span>\",\"prevArrow\":\"<span class=\\\"post-gallery_prev\\\"><\\\/span>\",\"nextArrow\":\"<span class=\\\"post-gallery_next\\\"><\\\/span>\"}' data-popup-init='{\"delegate\":\".popup-gallery-item\",\"type\":\"image\",\"gallery\":{\"enabled\":true}}'><figure class=\"post-gallery_item\"><a href=\"https:\/\/timi.eu\/wp-content\/uploads\/2025\/04\/signal-2025-03-12-163514_002-e1743663586623.jpeg\" class=\"post-gallery_item_link popup-gallery-item\" ><img width=\"1170\" height=\"600\" src=\"https:\/\/timi.eu\/wp-content\/uploads\/2025\/04\/signal-2025-03-12-163514_002-e1743663586623-1170x600.jpeg\" class=\"post-gallery_item_img\" alt=\"\" decoding=\"async\" loading=\"lazy\" \/><\/a><\/figure>\r\n<figure class=\"post-gallery_item nth-child\"><a href=\"https:\/\/timi.eu\/wp-content\/uploads\/2025\/04\/signal-2025-03-14-154211_002.jpeg\" class=\"post-gallery_item nth-child_link popup-gallery-item\" ><img width=\"1170\" height=\"780\" src=\"https:\/\/timi.eu\/wp-content\/uploads\/2025\/04\/signal-2025-03-14-154211_002-1170x780.jpeg\" class=\"post-gallery_item_img\" alt=\"\" decoding=\"async\" loading=\"lazy\" \/><\/a><\/figure>\r\n<figure class=\"post-gallery_item nth-child\"><a href=\"https:\/\/timi.eu\/wp-content\/uploads\/2025\/04\/signal-2025-03-12-163442_002.jpeg\" class=\"post-gallery_item nth-child_link popup-gallery-item\" ><img width=\"1170\" height=\"780\" src=\"https:\/\/timi.eu\/wp-content\/uploads\/2025\/04\/signal-2025-03-12-163442_002-1170x780.jpeg\" class=\"post-gallery_item_img\" alt=\"\" decoding=\"async\" loading=\"lazy\" \/><\/a><\/figure>\r\n<figure class=\"post-gallery_item nth-child\"><a href=\"https:\/\/timi.eu\/wp-content\/uploads\/2025\/04\/signal-2025-03-13-133610_006.jpeg\" class=\"post-gallery_item nth-child_link popup-gallery-item\" ><img width=\"1170\" height=\"780\" src=\"https:\/\/timi.eu\/wp-content\/uploads\/2025\/04\/signal-2025-03-13-133610_006-1170x780.jpeg\" class=\"post-gallery_item_img\" alt=\"\" decoding=\"async\" loading=\"lazy\" \/><\/a><\/figure>\r\n<figure class=\"post-gallery_item nth-child\"><a href=\"https:\/\/timi.eu\/wp-content\/uploads\/2025\/04\/signal-2025-03-13-151803_002.jpeg\" class=\"post-gallery_item nth-child_link popup-gallery-item\" ><img width=\"1170\" height=\"780\" src=\"https:\/\/timi.eu\/wp-content\/uploads\/2025\/04\/signal-2025-03-13-151803_002-1170x780.jpeg\" class=\"post-gallery_item_img\" alt=\"\" decoding=\"async\" loading=\"lazy\" \/><\/a><\/figure><\/div>\n\n\n<p><div tabindex=\"0\">Un gigantesque salon avec un aper\u00e7u exhaustif de tout le tissu industriel europ\u00e9en qui nous a permis de faire de tr\u00e8s belles rencontres.<\/div><\/p>\n\n\n\n<p><div tabindex=\"0\"><\/div><\/p>\n\n\n\n<p><div tabindex=\"0\">\u21b3 Mentions sp\u00e9ciales \u00e0 Jean Fournier, Karen GALDEMAS et Frank Duval de BAROU EQUIPEMENTS, Jose Teixeira de VVTW &#8211; Steel Manager Europe et Guillaume PESSU.<\/div><\/p>\n\n\n\n<p><div tabindex=\"0\"><\/div><div tabindex=\"0\">Merci \u00e0 Olivier MARTIN, consultant chez Managers en Mission &#8211; Management de transition &amp; R\u00e9seau de managers de transition, de nous avoir mis en contact. On est ravis de cette collaboration.<\/div><\/p>\n\n\n\n<p><div tabindex=\"0\"><\/div>Un grand merci aux organisateurs\u2014Simon Maladry, Sophie Schmitz, Christophe Montoisy de l\u2019INFOPOLE, l&rsquo;Agence du Num\u00e9rique (AdN), Paul Vernier de l&rsquo;AWEX, P\u00f4le MecaTech, EDIH-WalHub, MadInWal et Wallonie Bruxelles International de nous avoir permis de participer \u00e0 cet \u00e9v\u00e9nement.<\/p>\n\n\n\n<p>Cliquez <a rel=\"noreferrer noopener\" href=\"https:\/\/timi.eu\/fr\/nous-contacter\/\" data-type=\"URL\" data-id=\"https:\/\/timi.eu\/fr\/nous-contacter\/\" target=\"_blank\">ici<\/a> pour nous contacter et obtenir plus d&rsquo;informations sur nos solutions.<\/p>\n\n\n\n<p><div tabindex=\"0\"><\/div><div tabindex=\"0\"><\/div><\/p>\n","protected":false},"excerpt":{"rendered":"Un gigantesque salon avec un aper\u00e7u exhaustif de tout le tissu industriel europ\u00e9en.","protected":false},"author":12,"featured_media":21204,"comment_status":"open","ping_status":"open","sticky":false,"template":"","format":"standard","meta":[],"categories":[183],"tags":[345,264,309,320,317,1325,269,1326,271,316],"_links":{"self":[{"href":"https:\/\/timi.eu\/fr\/wp-json\/wp\/v2\/posts\/21193"}],"collection":[{"href":"https:\/\/timi.eu\/fr\/wp-json\/wp\/v2\/posts"}],"about":[{"href":"https:\/\/timi.eu\/fr\/wp-json\/wp\/v2\/types\/post"}],"author":[{"embeddable":true,"href":"https:\/\/timi.eu\/fr\/wp-json\/wp\/v2\/users\/12"}],"replies":[{"embeddable":true,"href":"https:\/\/timi.eu\/fr\/wp-json\/wp\/v2\/comments?post=21193"}],"version-history":[{"count":2,"href":"https:\/\/timi.eu\/fr\/wp-json\/wp\/v2\/posts\/21193\/revisions"}],"predecessor-version":[{"id":21220,"href":"https:\/\/timi.eu\/fr\/wp-json\/wp\/v2\/posts\/21193\/revisions\/21220"}],"wp:featuredmedia":[{"embeddable":true,"href":"https:\/\/timi.eu\/fr\/wp-json\/wp\/v2\/media\/21204"}],"wp:attachment":[{"href":"https:\/\/timi.eu\/fr\/wp-json\/wp\/v2\/media?parent=21193"}],"wp:term":[{"taxonomy":"category","embeddable":true,"href":"https:\/\/timi.eu\/fr\/wp-json\/wp\/v2\/categories?post=21193"},{"taxonomy":"post_tag","embeddable":true,"href":"https:\/\/timi.eu\/fr\/wp-json\/wp\/v2\/tags?post=21193"}],"curies":[{"name":"wp","href":"https:\/\/api.w.org\/{rel}","templated":true}]}}